{"id":6958,"date":"2026-03-18T11:36:33","date_gmt":"2026-03-18T10:36:33","guid":{"rendered":"https:\/\/nestvillewhisky.sk\/?p=6958"},"modified":"2026-03-18T11:54:10","modified_gmt":"2026-03-18T10:54:10","slug":"nestville-whisky-prowein-2026-targi-wina-destylatow","status":"publish","type":"post","link":"https:\/\/nestvillewhisky.sk\/pl\/aktualnosci-pl\/nestville-whisky-prowein-2026-targi-wina-destylatow\/","title":{"rendered":"Opowie\u015b\u0107 Nestville Whisky prosto z ProWein D\u00fcsseldorf 2026"},"content":{"rendered":"\n<h2 class=\"wp-block-heading\">Mi\u0119dzynarodowe spotkania, kt\u00f3re nadaj\u0105 marce nowy wymiar<\/h2>\n\n\n\n<p>Zaledwie kilka godzin temu wr\u00f3cili\u015bmy do domu ze s\u0142onecznych Niemiec. Nie zd\u0105\u017cyli\u015bmy jeszcze nawet rozpakowa\u0107 walizek, a w naszej g\u0142owie wci\u0105\u017c brzmi\u0105 rozmowy z hali targowej, a w powietrzu jakby nadal unosi\u0142y si\u0119 subtelne nuty whisky, d\u0119bowego drewna i przypraw. Targi ProWein w D\u00fcsseldorfie pozostawi\u0142y w nas silne wra\u017cenie i ju\u017c teraz wiemy, \u017ce te trzy dni na d\u0142ugo pozostan\u0105 w naszej pami\u0119ci.<\/p>\n\n\n\n<p>Do Niemiec, jak zawsze, wyruszyli\u015bmy z oczekiwaniem, ale tak\u017ce z pokor\u0105 i ch\u0119ci\u0105 prze\u017cycia czego\u015b nowego. Wiedzieli\u015bmy, \u017ce wkraczamy na teren jednego z najbardziej presti\u017cowych wydarze\u0144 w \u015bwiecie wina i destylat\u00f3w. Rzeczywisto\u015b\u0107 jednak przeros\u0142a wszystkie nasze dotychczasowe wyobra\u017cenia. Ogromne hale wystawowe przypomina\u0142y \u017cywy organizm. Nieustanny ruch, brz\u0119k kieliszk\u00f3w, nowe spotkania, mocne u\u015bciski d\u0142oni, wymiana do\u015bwiadcze\u0144 oraz rozmowy w r\u00f3\u017cnych j\u0119zykach. Ka\u017cdy krok prowadzi\u0142 nas do nowej historii, kt\u00f3ra na sta\u0142e zapisze si\u0119 w dziejach marki Nestville Whisky.<\/p>\n\n\n\n<h3 class=\"wp-block-heading\">Naturalna energia \u015bwiatowego wydarzenia<\/h3>\n\n\n\n<p>Atmosfera targ\u00f3w ProWein by\u0142a intensywna, a jednocze\u015bnie bardzo naturalna. Profesjonalna, ale zarazem ludzka. Odwiedzaj\u0105cy przybywali z r\u00f3\u017cnych zak\u0105tk\u00f3w \u015bwiata \u2013 od do\u015bwiadczonych ekspert\u00f3w po osoby, kt\u00f3re odkrywaj\u0105 whisky z iskr\u0105 entuzjazmu w oczach. To w\u0142a\u015bnie to wyj\u0105tkowe po\u0142\u0105czenie zachwyci\u0142o nas najbardziej. Rozmowy nie dotyczy\u0142y wy\u0142\u0105cznie produkt\u00f3w. By\u0142y o emocjach, pochodzeniu i o tym, co kryje si\u0119 za ka\u017cd\u0105 butelk\u0105 Nestville Whisky.<\/p>\n\n\n\n<figure class=\"wp-block-gallery has-nested-images columns-default is-cropped wp-block-gallery-1 is-layout-flex wp-block-gallery-is-layout-flex\">\n<figure class=\"wp-block-image size-large\"><img decoding=\"async\" data-id=\"39010\" src=\"https:\/\/nestvillepark.sk\/wp-content\/uploads\/2026\/03\/cad7f479-1f07-43f8-b9c8-395a64eda1b5-1-768x1024.jpg\" alt=\"\" class=\"wp-image-39010\"\/><\/figure>\n\n\n\n<figure class=\"wp-block-image size-large\"><img decoding=\"async\" data-id=\"39013\" src=\"https:\/\/nestvillepark.sk\/wp-content\/uploads\/2026\/03\/086553e4-12eb-43e2-85c1-82dad124216a-1-768x1024.jpg\" alt=\"\" class=\"wp-image-39013\"\/><\/figure>\n<\/figure>\n\n\n\n<p>Ka\u017cdego dnia opowiadali\u015bmy nasz\u0105 histori\u0119 od nowa, a jednak za ka\u017cdym razem by\u0142a ona inna. Ka\u017cdy odwiedzaj\u0105cy nasze stoisko przynosi\u0142 inne pytania, inne spojrzenie na nasz\u0105 whisky, inn\u0105 energi\u0119. I w\u0142a\u015bnie wtedy u\u015bwiadomili\u015bmy sobie, \u017ce to jest istota naszej pracy \u2014 nie tylko tworzy\u0107 wysokiej jako\u015bci whisky, ale tak\u017ce umie\u0107 j\u0105 przekaza\u0107 dalej i z dum\u0105 zaprezentowa\u0107 \u015bwiatu.<\/p>\n\n\n\n<h3 class=\"wp-block-heading\">Inspiracja ukryta w detalach<\/h3>\n\n\n\n<p>Szczeg\u00f3lnie silnym momentem by\u0142y dla nas reakcje odwiedzaj\u0105cych. Zatrzymywali si\u0119 podczas degustacji, na chwil\u0119 milkli, a potem si\u0119 u\u015bmiechali. Wracali do naszego stoiska z kolegami, chc\u0105c pokaza\u0107 im co\u015b nowego, co ich zainteresowa\u0142o. W tych momentach czuli\u015bmy, \u017ce to, co robimy, ma sens.<\/p>\n\n\n\n<p>Samo miejsce targ\u00f3w by\u0142o fascynuj\u0105cym \u015bwiatem. Ka\u017cda hala mia\u0142a sw\u00f3j w\u0142asny rytm. W jednej dominowa\u0142o wino, w innej destylaty, gdzie indziej eksperymentowano z nowymi trendami. Projekt stoisk by\u0142 dopracowany w najdrobniejszych szczeg\u00f3\u0142ach \u2014 w niekt\u00f3rych miejscach minimalistyczny, w innych odwa\u017cny i ekspresyjny. Wszystkie mia\u0142y jednak jedn\u0105 wsp\u00f3ln\u0105 cech\u0119: ch\u0119\u0107 przyci\u0105gni\u0119cia uwagi, zaanga\u017cowania i pozostawienia po sobie \u015bladu.<\/p>\n\n\n\n<p>R\u00f3wnie\u017c w\u015br\u00f3d wystawc\u00f3w panowa\u0142o wyj\u0105tkowe poczucie wsp\u00f3lnoty. Cho\u0107 ka\u017cdy reprezentowa\u0142 swoj\u0105 mark\u0119, odczuwali\u015bmy wzajemny szacunek i uznanie mi\u0119dzy producentami. Byli\u015bmy cz\u0119\u015bci\u0105 spo\u0142eczno\u015bci, kt\u00f3ra \u2014 cho\u0107 konkurencyjna \u2014 jednocze\u015bnie inspiruje si\u0119 nawzajem i wsp\u00f3lnie si\u0119 rozwija.<\/p>\n\n\n\n<h3 class=\"wp-block-heading\">Zako\u0144czenie pe\u0142ne emocji i wdzi\u0119czno\u015bci<\/h3>\n\n\n\n<p>Ostatni dzie\u0144 na targach mia\u0142 zupe\u0142nie inn\u0105 energi\u0119 ni\u017c poprzednie. W powietrzu unosi\u0142a si\u0119 niezwyk\u0142a mieszanka zm\u0119czenia, satysfakcji i delikatnej nostalgii. Rozmowy trwa\u0142y nieco d\u0142u\u017cej, u\u015bciski d\u0142oni by\u0142y mocniejsze, a u\u015bmiechy wydawa\u0142y si\u0119 jeszcze bardziej szczere. Nadszed\u0142 czas ostatnich spotka\u0144, ostatnich degustacji i ostatnich spojrze\u0144 na stoisko, kt\u00f3re na kilka dni sta\u0142o si\u0119 naszym drugim domem.<\/p>\n\n\n\n<p>By\u0142y to chwile po\u017cegna\u0144 \u2014 nie smutne, lecz pe\u0142ne wdzi\u0119czno\u015bci. I gdzie\u015b pomi\u0119dzy tym wszystkim u\u015bwiadomili\u015bmy sobie, \u017ce tak naprawd\u0119 nie chcemy jeszcze wraca\u0107 do domu. \u017be mogliby\u015bmy zosta\u0107 jeszcze jeden dzie\u0144, tylko po to, by raz jeszcze w pe\u0142ni poczu\u0107 t\u0119 atmosfer\u0119.<\/p>\n\n\n\n<p>Dla naszego zespo\u0142u Nestville Whisky by\u0142y to trzy dni pe\u0142ne emocji, do\u015bwiadcze\u0144 i poczucia wsp\u00f3lnoty. Ka\u017cdy poranek zaczynali\u015bmy z oczekiwaniem, a ka\u017cdy wiecz\u00f3r ko\u0144czyli\u015bmy z mieszank\u0105 dumy, zm\u0119czenia i niezliczonych wspomnie\u0144. Pomi\u0119dzy tym wszystkim odbyli\u015bmy dziesi\u0105tki spotka\u0144, prezentacji, degustacji i rozm\u00f3w.<\/p>\n\n\n\n<figure class=\"wp-block-gallery has-nested-images columns-default is-cropped wp-block-gallery-2 is-layout-flex wp-block-gallery-is-layout-flex\">\n<figure class=\"wp-block-image size-large\"><img decoding=\"async\" data-id=\"39017\" src=\"https:\/\/nestvillepark.sk\/wp-content\/uploads\/2026\/03\/491f2bd0-fc74-4f27-b668-1d9df6ec3aa3-601x1024.jpg\" alt=\"\" class=\"wp-image-39017\"\/><\/figure>\n\n\n\n<figure class=\"wp-block-image size-large\"><img decoding=\"async\" data-id=\"39020\" src=\"https:\/\/nestvillepark.sk\/wp-content\/uploads\/2026\/03\/f8212ffc-e36a-4e57-8c99-8efabb838067-2-1024x768.jpg\" alt=\"\" class=\"wp-image-39020\"\/><\/figure>\n<\/figure>\n\n\n\n<p>Podr\u00f3\u017c powrotna by\u0142a nieco spokojniejsza. Ka\u017cdy z nas uk\u0142ada\u0142 w my\u015blach swoje wra\u017cenia. Rozmawiali\u015bmy o tym, co nas zaskoczy\u0142o, co nas ucieszy\u0142o i co chcemy zapami\u0119ta\u0107. W jednym byli\u015bmy zgodni \u2014 targi ProWein to miejsce, w kt\u00f3rym marka Nestville Whisky ma siln\u0105 pozycj\u0119 i do kt\u00f3rego zawsze ch\u0119tnie wracamy.<\/p>\n\n\n\n<p>Wracali\u015bmy do domu nie tylko z nowymi kontaktami, ale tak\u017ce z nowymi przyja\u017aniami, mo\u017cliwo\u015bciami, a przede wszystkim z now\u0105 energi\u0105. Energi\u0105 do dalszego dzia\u0142ania. Z jeszcze wi\u0119kszym naciskiem na jako\u015b\u0107, histori\u0119 i autentyczno\u015b\u0107.<\/p>\n\n\n\n<h3 class=\"wp-block-heading\">Historia, kt\u00f3ra trwa dalej<\/h3>\n\n\n\n<p>Nasz podr\u00f3\u017cniczy dziennik Nestville Whisky wzbogaci\u0142 si\u0119 o nowy rozdzia\u0142. I ju\u017c teraz wiemy, \u017ce na kolejny nie b\u0119dziemy d\u0142ugo czeka\u0107. Ju\u017c za kilka dni czeka nas kolejna przygoda \u2014 tym razem po drugiej stronie \u015bwiata.<\/p>\n\n\n\n<p>Wkr\u00f3tce ponownie zdradzimy, dok\u0105d zaprowadzi\u0142y nas nasze w\u0119drowne kroki. Uwierzcie nam \u2014 jest na co czeka\u0107!<\/p>\n\n\n\n<p>Na zdrowie, przyjaciele. I na kolejne przygody!<\/p>\n\n\n\n<p><\/p>\n","protected":false},"excerpt":{"rendered":"<p>Udzia\u0142, kt\u00f3ry potwierdzi\u0142 nasz\u0105 pozycj\u0119 w\u015br\u00f3d \u015bwiatowej czo\u0142\u00f3wki destylat\u00f3w<\/p>\n","protected":false},"author":2,"featured_media":6954,"comment_status":"open","ping_status":"open","sticky":false,"template":"","format":"standard","meta":{"_acf_changed":false,"footnotes":""},"categories":[201],"tags":[],"class_list":["post-6958","post","type-post","status-publish","format-standard","has-post-thumbnail","hentry","category-aktualnosci-pl"],"acf":[],"yoast_head":"<!-- This site is optimized with the Yoast SEO plugin v27.4 - https:\/\/yoast.com\/product\/yoast-seo-wordpress\/ -->\n<title>Opowie\u015b\u0107 Nestville Whisky prosto z ProWein D\u00fcsseldorf 2026 - Nestville Whisky<\/title>\n<meta name=\"description\" content=\"Nestville Whisky ProWein D\u00fcsseldorf 2026 \u2013 targi destylat\u00f3w, degustacje whisky, kontakty biznesowe i wsp\u00f3\u0142praca.\" \/>\n<meta name=\"robots\" content=\"index, follow, max-snippet:-1, max-image-preview:large, max-video-preview:-1\" \/>\n<link rel=\"canonical\" href=\"https:\/\/nestvillewhisky.sk\/pl\/aktualnosci-pl\/nestville-whisky-prowein-2026-targi-wina-destylatow\/\" \/>\n<meta property=\"og:locale\" content=\"pl_PL\" \/>\n<meta property=\"og:type\" content=\"article\" \/>\n<meta property=\"og:title\" content=\"Opowie\u015b\u0107 Nestville Whisky prosto z ProWein D\u00fcsseldorf 2026 - Nestville Whisky\" \/>\n<meta property=\"og:description\" content=\"Nestville Whisky ProWein D\u00fcsseldorf 2026 \u2013 targi destylat\u00f3w, degustacje whisky, kontakty biznesowe i wsp\u00f3\u0142praca.\" \/>\n<meta property=\"og:url\" content=\"https:\/\/nestvillewhisky.sk\/pl\/aktualnosci-pl\/nestville-whisky-prowein-2026-targi-wina-destylatow\/\" \/>\n<meta property=\"og:site_name\" content=\"Nestville Whisky\" \/>\n<meta property=\"article:published_time\" content=\"2026-03-18T10:36:33+00:00\" \/>\n<meta property=\"article:modified_time\" content=\"2026-03-18T10:54:10+00:00\" \/>\n<meta property=\"og:image\" content=\"https:\/\/nestvillewhisky.sk\/wp-content\/uploads\/2026\/03\/e5c0441a-ac3d-4cc2-80bc-896c2949169f.jpg\" \/>\n\t<meta property=\"og:image:width\" content=\"2040\" \/>\n\t<meta property=\"og:image:height\" content=\"1530\" \/>\n\t<meta property=\"og:image:type\" content=\"image\/jpeg\" \/>\n<meta name=\"author\" content=\"Adam Bevilaqua\" \/>\n<meta name=\"twitter:card\" content=\"summary_large_image\" \/>\n<meta name=\"twitter:label1\" content=\"Napisane przez\" \/>\n\t<meta name=\"twitter:data1\" content=\"Adam Bevilaqua\" \/>\n\t<meta name=\"twitter:label2\" content=\"Szacowany czas czytania\" \/>\n\t<meta name=\"twitter:data2\" content=\"5 minut\" \/>\n<script type=\"application\/ld+json\" class=\"yoast-schema-graph\">{\"@context\":\"https:\\\/\\\/schema.org\",\"@graph\":[{\"@type\":\"Article\",\"@id\":\"https:\\\/\\\/nestvillewhisky.sk\\\/pl\\\/aktualnosci-pl\\\/nestville-whisky-prowein-2026-targi-wina-destylatow\\\/#article\",\"isPartOf\":{\"@id\":\"https:\\\/\\\/nestvillewhisky.sk\\\/pl\\\/aktualnosci-pl\\\/nestville-whisky-prowein-2026-targi-wina-destylatow\\\/\"},\"author\":{\"name\":\"Adam Bevilaqua\",\"@id\":\"https:\\\/\\\/nestvillewhisky.sk\\\/#\\\/schema\\\/person\\\/71972fdf3918c854683c4b0c07f8bbc0\"},\"headline\":\"Opowie\u015b\u0107 Nestville Whisky prosto z ProWein D\u00fcsseldorf 2026\",\"datePublished\":\"2026-03-18T10:36:33+00:00\",\"dateModified\":\"2026-03-18T10:54:10+00:00\",\"mainEntityOfPage\":{\"@id\":\"https:\\\/\\\/nestvillewhisky.sk\\\/pl\\\/aktualnosci-pl\\\/nestville-whisky-prowein-2026-targi-wina-destylatow\\\/\"},\"wordCount\":877,\"commentCount\":0,\"publisher\":{\"@id\":\"https:\\\/\\\/nestvillewhisky.sk\\\/#organization\"},\"image\":{\"@id\":\"https:\\\/\\\/nestvillewhisky.sk\\\/pl\\\/aktualnosci-pl\\\/nestville-whisky-prowein-2026-targi-wina-destylatow\\\/#primaryimage\"},\"thumbnailUrl\":\"https:\\\/\\\/nestvillewhisky.sk\\\/wp-content\\\/uploads\\\/2026\\\/03\\\/e5c0441a-ac3d-4cc2-80bc-896c2949169f.jpg\",\"articleSection\":[\"Aktualno\u015bci\"],\"inLanguage\":\"pl-PL\",\"potentialAction\":[{\"@type\":\"CommentAction\",\"name\":\"Comment\",\"target\":[\"https:\\\/\\\/nestvillewhisky.sk\\\/pl\\\/aktualnosci-pl\\\/nestville-whisky-prowein-2026-targi-wina-destylatow\\\/#respond\"]}]},{\"@type\":\"WebPage\",\"@id\":\"https:\\\/\\\/nestvillewhisky.sk\\\/pl\\\/aktualnosci-pl\\\/nestville-whisky-prowein-2026-targi-wina-destylatow\\\/\",\"url\":\"https:\\\/\\\/nestvillewhisky.sk\\\/pl\\\/aktualnosci-pl\\\/nestville-whisky-prowein-2026-targi-wina-destylatow\\\/\",\"name\":\"Opowie\u015b\u0107 Nestville Whisky prosto z ProWein D\u00fcsseldorf 2026 - Nestville Whisky\",\"isPartOf\":{\"@id\":\"https:\\\/\\\/nestvillewhisky.sk\\\/#website\"},\"primaryImageOfPage\":{\"@id\":\"https:\\\/\\\/nestvillewhisky.sk\\\/pl\\\/aktualnosci-pl\\\/nestville-whisky-prowein-2026-targi-wina-destylatow\\\/#primaryimage\"},\"image\":{\"@id\":\"https:\\\/\\\/nestvillewhisky.sk\\\/pl\\\/aktualnosci-pl\\\/nestville-whisky-prowein-2026-targi-wina-destylatow\\\/#primaryimage\"},\"thumbnailUrl\":\"https:\\\/\\\/nestvillewhisky.sk\\\/wp-content\\\/uploads\\\/2026\\\/03\\\/e5c0441a-ac3d-4cc2-80bc-896c2949169f.jpg\",\"datePublished\":\"2026-03-18T10:36:33+00:00\",\"dateModified\":\"2026-03-18T10:54:10+00:00\",\"description\":\"Nestville Whisky ProWein D\u00fcsseldorf 2026 \u2013 targi destylat\u00f3w, degustacje whisky, kontakty biznesowe i wsp\u00f3\u0142praca.\",\"breadcrumb\":{\"@id\":\"https:\\\/\\\/nestvillewhisky.sk\\\/pl\\\/aktualnosci-pl\\\/nestville-whisky-prowein-2026-targi-wina-destylatow\\\/#breadcrumb\"},\"inLanguage\":\"pl-PL\",\"potentialAction\":[{\"@type\":\"ReadAction\",\"target\":[\"https:\\\/\\\/nestvillewhisky.sk\\\/pl\\\/aktualnosci-pl\\\/nestville-whisky-prowein-2026-targi-wina-destylatow\\\/\"]}]},{\"@type\":\"ImageObject\",\"inLanguage\":\"pl-PL\",\"@id\":\"https:\\\/\\\/nestvillewhisky.sk\\\/pl\\\/aktualnosci-pl\\\/nestville-whisky-prowein-2026-targi-wina-destylatow\\\/#primaryimage\",\"url\":\"https:\\\/\\\/nestvillewhisky.sk\\\/wp-content\\\/uploads\\\/2026\\\/03\\\/e5c0441a-ac3d-4cc2-80bc-896c2949169f.jpg\",\"contentUrl\":\"https:\\\/\\\/nestvillewhisky.sk\\\/wp-content\\\/uploads\\\/2026\\\/03\\\/e5c0441a-ac3d-4cc2-80bc-896c2949169f.jpg\",\"width\":2040,\"height\":1530},{\"@type\":\"BreadcrumbList\",\"@id\":\"https:\\\/\\\/nestvillewhisky.sk\\\/pl\\\/aktualnosci-pl\\\/nestville-whisky-prowein-2026-targi-wina-destylatow\\\/#breadcrumb\",\"itemListElement\":[{\"@type\":\"ListItem\",\"position\":1,\"name\":\"Domovsk\u00e1 str\u00e1nka\",\"item\":\"https:\\\/\\\/nestvillewhisky.sk\\\/pl\\\/\"},{\"@type\":\"ListItem\",\"position\":2,\"name\":\"Opowie\u015b\u0107 Nestville Whisky prosto z ProWein D\u00fcsseldorf 2026\"}]},{\"@type\":\"WebSite\",\"@id\":\"https:\\\/\\\/nestvillewhisky.sk\\\/#website\",\"url\":\"https:\\\/\\\/nestvillewhisky.sk\\\/\",\"name\":\"Nestville Whisky\",\"description\":\"Prv\u00e1 slovensk\u00e1 whisky\",\"publisher\":{\"@id\":\"https:\\\/\\\/nestvillewhisky.sk\\\/#organization\"},\"potentialAction\":[{\"@type\":\"SearchAction\",\"target\":{\"@type\":\"EntryPoint\",\"urlTemplate\":\"https:\\\/\\\/nestvillewhisky.sk\\\/?s={search_term_string}\"},\"query-input\":{\"@type\":\"PropertyValueSpecification\",\"valueRequired\":true,\"valueName\":\"search_term_string\"}}],\"inLanguage\":\"pl-PL\"},{\"@type\":\"Organization\",\"@id\":\"https:\\\/\\\/nestvillewhisky.sk\\\/#organization\",\"name\":\"Nestville Whisky\",\"url\":\"https:\\\/\\\/nestvillewhisky.sk\\\/\",\"logo\":{\"@type\":\"ImageObject\",\"inLanguage\":\"pl-PL\",\"@id\":\"https:\\\/\\\/nestvillewhisky.sk\\\/#\\\/schema\\\/logo\\\/image\\\/\",\"url\":\"https:\\\/\\\/nestvillewhisky.sk\\\/wp-content\\\/uploads\\\/2022\\\/06\\\/logo-gradient.svg\",\"contentUrl\":\"https:\\\/\\\/nestvillewhisky.sk\\\/wp-content\\\/uploads\\\/2022\\\/06\\\/logo-gradient.svg\",\"caption\":\"Nestville Whisky\"},\"image\":{\"@id\":\"https:\\\/\\\/nestvillewhisky.sk\\\/#\\\/schema\\\/logo\\\/image\\\/\"}},{\"@type\":\"Person\",\"@id\":\"https:\\\/\\\/nestvillewhisky.sk\\\/#\\\/schema\\\/person\\\/71972fdf3918c854683c4b0c07f8bbc0\",\"name\":\"Adam Bevilaqua\",\"image\":{\"@type\":\"ImageObject\",\"inLanguage\":\"pl-PL\",\"@id\":\"https:\\\/\\\/secure.gravatar.com\\\/avatar\\\/f92f5ac361e9f6b56b32ea3d8b06271e47981e28745ca8b91b7be1dd7f337427?s=96&d=mm&r=g\",\"url\":\"https:\\\/\\\/secure.gravatar.com\\\/avatar\\\/f92f5ac361e9f6b56b32ea3d8b06271e47981e28745ca8b91b7be1dd7f337427?s=96&d=mm&r=g\",\"contentUrl\":\"https:\\\/\\\/secure.gravatar.com\\\/avatar\\\/f92f5ac361e9f6b56b32ea3d8b06271e47981e28745ca8b91b7be1dd7f337427?s=96&d=mm&r=g\",\"caption\":\"Adam Bevilaqua\"},\"url\":\"https:\\\/\\\/nestvillewhisky.sk\\\/pl\\\/author\\\/grafik1nestville-sk\\\/\"}]}<\/script>\n<!-- \/ Yoast SEO plugin. -->","yoast_head_json":{"title":"Opowie\u015b\u0107 Nestville Whisky prosto z ProWein D\u00fcsseldorf 2026 - Nestville Whisky","description":"Nestville Whisky ProWein D\u00fcsseldorf 2026 \u2013 targi destylat\u00f3w, degustacje whisky, kontakty biznesowe i wsp\u00f3\u0142praca.","robots":{"index":"index","follow":"follow","max-snippet":"max-snippet:-1","max-image-preview":"max-image-preview:large","max-video-preview":"max-video-preview:-1"},"canonical":"https:\/\/nestvillewhisky.sk\/pl\/aktualnosci-pl\/nestville-whisky-prowein-2026-targi-wina-destylatow\/","og_locale":"pl_PL","og_type":"article","og_title":"Opowie\u015b\u0107 Nestville Whisky prosto z ProWein D\u00fcsseldorf 2026 - Nestville Whisky","og_description":"Nestville Whisky ProWein D\u00fcsseldorf 2026 \u2013 targi destylat\u00f3w, degustacje whisky, kontakty biznesowe i wsp\u00f3\u0142praca.","og_url":"https:\/\/nestvillewhisky.sk\/pl\/aktualnosci-pl\/nestville-whisky-prowein-2026-targi-wina-destylatow\/","og_site_name":"Nestville Whisky","article_published_time":"2026-03-18T10:36:33+00:00","article_modified_time":"2026-03-18T10:54:10+00:00","og_image":[{"width":2040,"height":1530,"url":"https:\/\/nestvillewhisky.sk\/wp-content\/uploads\/2026\/03\/e5c0441a-ac3d-4cc2-80bc-896c2949169f.jpg","type":"image\/jpeg"}],"author":"Adam Bevilaqua","twitter_card":"summary_large_image","twitter_misc":{"Napisane przez":"Adam Bevilaqua","Szacowany czas czytania":"5 minut"},"schema":{"@context":"https:\/\/schema.org","@graph":[{"@type":"Article","@id":"https:\/\/nestvillewhisky.sk\/pl\/aktualnosci-pl\/nestville-whisky-prowein-2026-targi-wina-destylatow\/#article","isPartOf":{"@id":"https:\/\/nestvillewhisky.sk\/pl\/aktualnosci-pl\/nestville-whisky-prowein-2026-targi-wina-destylatow\/"},"author":{"name":"Adam Bevilaqua","@id":"https:\/\/nestvillewhisky.sk\/#\/schema\/person\/71972fdf3918c854683c4b0c07f8bbc0"},"headline":"Opowie\u015b\u0107 Nestville Whisky prosto z ProWein D\u00fcsseldorf 2026","datePublished":"2026-03-18T10:36:33+00:00","dateModified":"2026-03-18T10:54:10+00:00","mainEntityOfPage":{"@id":"https:\/\/nestvillewhisky.sk\/pl\/aktualnosci-pl\/nestville-whisky-prowein-2026-targi-wina-destylatow\/"},"wordCount":877,"commentCount":0,"publisher":{"@id":"https:\/\/nestvillewhisky.sk\/#organization"},"image":{"@id":"https:\/\/nestvillewhisky.sk\/pl\/aktualnosci-pl\/nestville-whisky-prowein-2026-targi-wina-destylatow\/#primaryimage"},"thumbnailUrl":"https:\/\/nestvillewhisky.sk\/wp-content\/uploads\/2026\/03\/e5c0441a-ac3d-4cc2-80bc-896c2949169f.jpg","articleSection":["Aktualno\u015bci"],"inLanguage":"pl-PL","potentialAction":[{"@type":"CommentAction","name":"Comment","target":["https:\/\/nestvillewhisky.sk\/pl\/aktualnosci-pl\/nestville-whisky-prowein-2026-targi-wina-destylatow\/#respond"]}]},{"@type":"WebPage","@id":"https:\/\/nestvillewhisky.sk\/pl\/aktualnosci-pl\/nestville-whisky-prowein-2026-targi-wina-destylatow\/","url":"https:\/\/nestvillewhisky.sk\/pl\/aktualnosci-pl\/nestville-whisky-prowein-2026-targi-wina-destylatow\/","name":"Opowie\u015b\u0107 Nestville Whisky prosto z ProWein D\u00fcsseldorf 2026 - Nestville Whisky","isPartOf":{"@id":"https:\/\/nestvillewhisky.sk\/#website"},"primaryImageOfPage":{"@id":"https:\/\/nestvillewhisky.sk\/pl\/aktualnosci-pl\/nestville-whisky-prowein-2026-targi-wina-destylatow\/#primaryimage"},"image":{"@id":"https:\/\/nestvillewhisky.sk\/pl\/aktualnosci-pl\/nestville-whisky-prowein-2026-targi-wina-destylatow\/#primaryimage"},"thumbnailUrl":"https:\/\/nestvillewhisky.sk\/wp-content\/uploads\/2026\/03\/e5c0441a-ac3d-4cc2-80bc-896c2949169f.jpg","datePublished":"2026-03-18T10:36:33+00:00","dateModified":"2026-03-18T10:54:10+00:00","description":"Nestville Whisky ProWein D\u00fcsseldorf 2026 \u2013 targi destylat\u00f3w, degustacje whisky, kontakty biznesowe i wsp\u00f3\u0142praca.","breadcrumb":{"@id":"https:\/\/nestvillewhisky.sk\/pl\/aktualnosci-pl\/nestville-whisky-prowein-2026-targi-wina-destylatow\/#breadcrumb"},"inLanguage":"pl-PL","potentialAction":[{"@type":"ReadAction","target":["https:\/\/nestvillewhisky.sk\/pl\/aktualnosci-pl\/nestville-whisky-prowein-2026-targi-wina-destylatow\/"]}]},{"@type":"ImageObject","inLanguage":"pl-PL","@id":"https:\/\/nestvillewhisky.sk\/pl\/aktualnosci-pl\/nestville-whisky-prowein-2026-targi-wina-destylatow\/#primaryimage","url":"https:\/\/nestvillewhisky.sk\/wp-content\/uploads\/2026\/03\/e5c0441a-ac3d-4cc2-80bc-896c2949169f.jpg","contentUrl":"https:\/\/nestvillewhisky.sk\/wp-content\/uploads\/2026\/03\/e5c0441a-ac3d-4cc2-80bc-896c2949169f.jpg","width":2040,"height":1530},{"@type":"BreadcrumbList","@id":"https:\/\/nestvillewhisky.sk\/pl\/aktualnosci-pl\/nestville-whisky-prowein-2026-targi-wina-destylatow\/#breadcrumb","itemListElement":[{"@type":"ListItem","position":1,"name":"Domovsk\u00e1 str\u00e1nka","item":"https:\/\/nestvillewhisky.sk\/pl\/"},{"@type":"ListItem","position":2,"name":"Opowie\u015b\u0107 Nestville Whisky prosto z ProWein D\u00fcsseldorf 2026"}]},{"@type":"WebSite","@id":"https:\/\/nestvillewhisky.sk\/#website","url":"https:\/\/nestvillewhisky.sk\/","name":"Nestville Whisky","description":"Prv\u00e1 slovensk\u00e1 whisky","publisher":{"@id":"https:\/\/nestvillewhisky.sk\/#organization"},"potentialAction":[{"@type":"SearchAction","target":{"@type":"EntryPoint","urlTemplate":"https:\/\/nestvillewhisky.sk\/?s={search_term_string}"},"query-input":{"@type":"PropertyValueSpecification","valueRequired":true,"valueName":"search_term_string"}}],"inLanguage":"pl-PL"},{"@type":"Organization","@id":"https:\/\/nestvillewhisky.sk\/#organization","name":"Nestville Whisky","url":"https:\/\/nestvillewhisky.sk\/","logo":{"@type":"ImageObject","inLanguage":"pl-PL","@id":"https:\/\/nestvillewhisky.sk\/#\/schema\/logo\/image\/","url":"https:\/\/nestvillewhisky.sk\/wp-content\/uploads\/2022\/06\/logo-gradient.svg","contentUrl":"https:\/\/nestvillewhisky.sk\/wp-content\/uploads\/2022\/06\/logo-gradient.svg","caption":"Nestville Whisky"},"image":{"@id":"https:\/\/nestvillewhisky.sk\/#\/schema\/logo\/image\/"}},{"@type":"Person","@id":"https:\/\/nestvillewhisky.sk\/#\/schema\/person\/71972fdf3918c854683c4b0c07f8bbc0","name":"Adam Bevilaqua","image":{"@type":"ImageObject","inLanguage":"pl-PL","@id":"https:\/\/secure.gravatar.com\/avatar\/f92f5ac361e9f6b56b32ea3d8b06271e47981e28745ca8b91b7be1dd7f337427?s=96&d=mm&r=g","url":"https:\/\/secure.gravatar.com\/avatar\/f92f5ac361e9f6b56b32ea3d8b06271e47981e28745ca8b91b7be1dd7f337427?s=96&d=mm&r=g","contentUrl":"https:\/\/secure.gravatar.com\/avatar\/f92f5ac361e9f6b56b32ea3d8b06271e47981e28745ca8b91b7be1dd7f337427?s=96&d=mm&r=g","caption":"Adam Bevilaqua"},"url":"https:\/\/nestvillewhisky.sk\/pl\/author\/grafik1nestville-sk\/"}]}},"_links":{"self":[{"href":"https:\/\/nestvillewhisky.sk\/pl\/wp-json\/wp\/v2\/posts\/6958","targetHints":{"allow":["GET"]}}],"collection":[{"href":"https:\/\/nestvillewhisky.sk\/pl\/wp-json\/wp\/v2\/posts"}],"about":[{"href":"https:\/\/nestvillewhisky.sk\/pl\/wp-json\/wp\/v2\/types\/post"}],"author":[{"embeddable":true,"href":"https:\/\/nestvillewhisky.sk\/pl\/wp-json\/wp\/v2\/users\/2"}],"replies":[{"embeddable":true,"href":"https:\/\/nestvillewhisky.sk\/pl\/wp-json\/wp\/v2\/comments?post=6958"}],"version-history":[{"count":1,"href":"https:\/\/nestvillewhisky.sk\/pl\/wp-json\/wp\/v2\/posts\/6958\/revisions"}],"predecessor-version":[{"id":6959,"href":"https:\/\/nestvillewhisky.sk\/pl\/wp-json\/wp\/v2\/posts\/6958\/revisions\/6959"}],"wp:featuredmedia":[{"embeddable":true,"href":"https:\/\/nestvillewhisky.sk\/pl\/wp-json\/wp\/v2\/media\/6954"}],"wp:attachment":[{"href":"https:\/\/nestvillewhisky.sk\/pl\/wp-json\/wp\/v2\/media?parent=6958"}],"wp:term":[{"taxonomy":"category","embeddable":true,"href":"https:\/\/nestvillewhisky.sk\/pl\/wp-json\/wp\/v2\/categories?post=6958"},{"taxonomy":"post_tag","embeddable":true,"href":"https:\/\/nestvillewhisky.sk\/pl\/wp-json\/wp\/v2\/tags?post=6958"}],"curies":[{"name":"wp","href":"https:\/\/api.w.org\/{rel}","templated":true}]}}